{"id":1067,"date":"2024-05-10T15:16:03","date_gmt":"2024-05-10T13:16:03","guid":{"rendered":"https:\/\/perteaigua.aiguesmanresa.cat\/nueva-pagina-web-para-explicar-el-proyecto-sostenibilidad-en-el-ciclo-del-agua\/"},"modified":"2024-07-26T10:22:44","modified_gmt":"2024-07-26T08:22:44","slug":"nueva-pagina-web-para-explicar-el-proyecto-sostenibilidad-en-el-ciclo-del-agua","status":"publish","type":"post","link":"https:\/\/perteaigua.aiguesmanresa.cat\/es\/nueva-pagina-web-para-explicar-el-proyecto-sostenibilidad-en-el-ciclo-del-agua\/","title":{"rendered":"Nueva p\u00e1gina web para explicar el proyecto Sostenibilidad en el Ciclo del agua"},"content":{"rendered":"<p>[et_pb_section fb_built=\u00bb1&#8243; theme_builder_area=\u00bbpost_content\u00bb _builder_version=\u00bb4.24.2&#8243; _module_preset=\u00bbdefault\u00bb][et_pb_row _builder_version=\u00bb4.24.2&#8243; _module_preset=\u00bbdefault\u00bb theme_builder_area=\u00bbpost_content\u00bb][et_pb_column _builder_version=\u00bb4.24.2&#8243; _module_preset=\u00bbdefault\u00bb type=\u00bb4_4&#8243; theme_builder_area=\u00bbpost_content\u00bb][et_pb_text _builder_version=\u00bb4.24.2&#8243; _module_preset=\u00bbdefault\u00bb theme_builder_area=\u00bbpost_content\u00bb hover_enabled=\u00bb0&#8243; sticky_enabled=\u00bb0&#8243;]<\/p>\n<p>El proyecto \u201cSostenibilidad en el Ciclo del Agua. Un proyecto de digitalizaci\u00f3n y transformaci\u00f3n del territorio\u201d est\u00e1 financiado con <a href=\"https:\/\/www.miteco.gob.es\/es\/agua\/temas\/pertes\/perte-ciclo-agua-primera-convocatoria-subvenciones-2022.html\">fondos provenientes de la Uni\u00f3n Europea \u2013 NextGenerationEU en el marco del Plan de Recuperaci\u00f3n, Transformaci\u00f3n y Resiliencia (PRTR), concedidos por el Ministerio por la Transici\u00f3n Ecol\u00f3gica y el Reto Demogr\u00e1fico<\/a>.<\/p>\n<p>El proyecto que se ha planteado parte de un contexto marcado por el cambio clim\u00e1tico, la carencia de agua y una necesidad de mayor flexibilidad, control y eficiencia del ciclo integral del agua. El plan abarca la totalidad del ciclo integral del agua, desde la captaci\u00f3n hasta el retorno al medio, y se estructura en torno a 12 objetivos generales.<\/p>\n<p>El proyecto de Aig\u00fces de Manresa qued\u00f3 en novena posici\u00f3n de entre los 30 seleccionados, cuenta con un importe de ayuda de 6.028.016,67 euros.<\/p>\n<p>En el nuevo espacio web podr\u00e1 obtener m\u00e1s informaci\u00f3n sobre el proyecto: conocer los objetivos, los resultados esperados, los \u00e1mbitos territoriales donde incidir\u00e1, el equipo de trabajo, as\u00ed como las publicaciones que vaya generando.<\/p>\n<p>[\/et_pb_text][\/et_pb_column][\/et_pb_row][\/et_pb_section]<\/p>\n","protected":false},"excerpt":{"rendered":"<p>El proyecto \u201cSostenibilidad en el Ciclo del Agua. Un proyecto de digitalizaci\u00f3n y transformaci\u00f3n del territorio\u201d est\u00e1 financiado con fondos provenientes de la Uni\u00f3n Europea \u2013 NextGenerationEU en el marco [&hellip;]<\/p>\n","protected":false},"author":2,"featured_media":1063,"comment_status":"open","ping_status":"open","sticky":false,"template":"","format":"standard","meta":{"_et_pb_use_builder":"on","_et_pb_old_content":"","_et_gb_content_width":"","footnotes":""},"categories":[22],"tags":[27],"class_list":["post-1067","post","type-post","status-publish","format-standard","has-post-thumbnail","hentry","category-noticias","tag-comunicacion"],"_links":{"self":[{"href":"https:\/\/perteaigua.aiguesmanresa.cat\/es\/wp-json\/wp\/v2\/posts\/1067","targetHints":{"allow":["GET"]}}],"collection":[{"href":"https:\/\/perteaigua.aiguesmanresa.cat\/es\/wp-json\/wp\/v2\/posts"}],"about":[{"href":"https:\/\/perteaigua.aiguesmanresa.cat\/es\/wp-json\/wp\/v2\/types\/post"}],"author":[{"embeddable":true,"href":"https:\/\/perteaigua.aiguesmanresa.cat\/es\/wp-json\/wp\/v2\/users\/2"}],"replies":[{"embeddable":true,"href":"https:\/\/perteaigua.aiguesmanresa.cat\/es\/wp-json\/wp\/v2\/comments?post=1067"}],"version-history":[{"count":4,"href":"https:\/\/perteaigua.aiguesmanresa.cat\/es\/wp-json\/wp\/v2\/posts\/1067\/revisions"}],"predecessor-version":[{"id":1499,"href":"https:\/\/perteaigua.aiguesmanresa.cat\/es\/wp-json\/wp\/v2\/posts\/1067\/revisions\/1499"}],"wp:featuredmedia":[{"embeddable":true,"href":"https:\/\/perteaigua.aiguesmanresa.cat\/es\/wp-json\/wp\/v2\/media\/1063"}],"wp:attachment":[{"href":"https:\/\/perteaigua.aiguesmanresa.cat\/es\/wp-json\/wp\/v2\/media?parent=1067"}],"wp:term":[{"taxonomy":"category","embeddable":true,"href":"https:\/\/perteaigua.aiguesmanresa.cat\/es\/wp-json\/wp\/v2\/categories?post=1067"},{"taxonomy":"post_tag","embeddable":true,"href":"https:\/\/perteaigua.aiguesmanresa.cat\/es\/wp-json\/wp\/v2\/tags?post=1067"}],"curies":[{"name":"wp","href":"https:\/\/api.w.org\/{rel}","templated":true}]}}