{"id":1839,"date":"2025-07-15T08:55:37","date_gmt":"2025-07-15T06:55:37","guid":{"rendered":"https:\/\/perteaigua.aiguesmanresa.cat\/municipios-pequenos-apuestan-por-la-digitalizacion-del-agua-para-una-gestion-mas-sostenible\/"},"modified":"2025-10-27T10:01:28","modified_gmt":"2025-10-27T09:01:28","slug":"municipios-pequenos-apuestan-por-la-digitalizacion-del-agua-para-una-gestion-mas-sostenible","status":"publish","type":"post","link":"https:\/\/perteaigua.aiguesmanresa.cat\/es\/municipios-pequenos-apuestan-por-la-digitalizacion-del-agua-para-una-gestion-mas-sostenible\/","title":{"rendered":"Municipios peque\u00f1os apuestan por la digitalizaci\u00f3n del agua para una gesti\u00f3n m\u00e1s sostenible"},"content":{"rendered":"<p>[et_pb_section fb_built=\u00bb1&#8243; theme_builder_area=\u00bbpost_content\u00bb _builder_version=\u00bb4.27.0&#8243; _module_preset=\u00bbdefault\u00bb][et_pb_row _builder_version=\u00bb4.27.0&#8243; _module_preset=\u00bbdefault\u00bb theme_builder_area=\u00bbpost_content\u00bb][et_pb_column _builder_version=\u00bb4.27.0&#8243; _module_preset=\u00bbdefault\u00bb type=\u00bb4_4&#8243; theme_builder_area=\u00bbpost_content\u00bb][et_pb_text _builder_version=\u00bb4.27.0&#8243; _module_preset=\u00bbdefault\u00bb theme_builder_area=\u00bbpost_content\u00bb hover_enabled=\u00bb0&#8243; sticky_enabled=\u00bb0&#8243;]<\/p>\n<p>Una cincuentena de representantes locales y operadores se re\u00fanen en Manresa para compartir soluciones digitales para la gesti\u00f3n inteligente del agua. La jornada, organizada por Aig\u00fces de Manresa, y con la colaboraci\u00f3n de la Diputaci\u00f3n de Barcelona, pone el foco en las ventajas y retos de digitalizar el ciclo del agua en los municipios peque\u00f1os.<\/p>\n<p><\/p>\n<p>El 14 de julio, el Palau Firal de Manresa ha acogido una jornada centrada en la digitalizaci\u00f3n y sostenibilidad en la gesti\u00f3n local del agua. Un tema esencial para hacer frente a los efectos del cambio clim\u00e1tico y garantizar un uso eficiente de los recursos h\u00eddricos, especialmente en contextos de presi\u00f3n ambiental.<\/p>\n<p><\/p>\n<p>La transformaci\u00f3n digital en el ciclo integral del agua permite optimizar el consumo, detectar fugas con mayor rapidez y reducir el impacto energ\u00e9tico. Para los peque\u00f1os ayuntamientos o con recursos limitados, estas herramientas suponen una gran oportunidad para ofrecer un servicio p\u00fablico m\u00e1s eficiente y sostenible.<\/p>\n<p><\/p>\n<p>El acto se abri\u00f3 con la bienvenida institucional de Marc Aloy, alcalde de Manresa y presidente de Aig\u00fces de Manresa, y Sam N\u00fa\u00f1ez, diputado adjunto de la Diputaci\u00f3n de Barcelona. A continuaci\u00f3n, el gerente de Aguas de Manresa, Antoni Ventura, present\u00f3 el proyecto \u201c<a href=\"https:\/\/perteaigua.aiguesmanresa.cat\/es\/\">Sostenibilidad en el ciclo integral del agua<\/a>\u201d impulsado gracias a los Fondos NextGeneration-EU PERTE para la digitalizaci\u00f3n del ciclo del agua (Proyecto Estrat\u00e9gico para la Recuperaci\u00f3n y Transformaci\u00f3n Econ\u00f3mica) del Ministerio de Transici\u00f3n Ecol\u00f3gica y Reto Demogr\u00e1fico.\u00a0<\/p>\n<p><\/p>\n<p>A continuaci\u00f3n, Sergi Grau, responsable t\u00e9cnico del proyecto, detall\u00f3 las actuaciones ya implementadas, cuyos resultados muestran una mejora clara en la eficiencia h\u00eddrica y una reducci\u00f3n de las p\u00e9rdidas. Adem\u00e1s, tambi\u00e9n comparti\u00f3 sus errores y aprendizajes, que pueden ser \u00fatiles para otros municipios que quieran iniciar este camino.<\/p>\n<p><\/p>\n<p>Guida Obrador, responsable del proyecto DIBAIGUA de la Diputaci\u00f3n de Barcelona, explic\u00f3 c\u00f3mo acompa\u00f1a a los municipios en la detecci\u00f3n de necesidades, la elaboraci\u00f3n de planes de mejora y la implementaci\u00f3n de sistemas inteligentes. Se trata de un programa de asistencia t\u00e9cnica que ofrece soporte a los ayuntamientos para avanzar hacia una gesti\u00f3n h\u00eddrica digital y sostenible.<\/p>\n<p><\/p>\n<p><strong>Digitalizaci\u00f3n h\u00eddrica: ventajas y retos para los municipios peque\u00f1os<\/strong><\/p>\n<p><\/p>\n<p>La jornada puso especial \u00e9nfasis en c\u00f3mo pueden adaptarse los municipios peque\u00f1os a esta transformaci\u00f3n tecnol\u00f3gica. Entre los beneficios m\u00e1s destacados se encuentra una gesti\u00f3n m\u00e1s transparente, una mejora en la planificaci\u00f3n del mantenimiento y una mayor capacidad para hacer frente a episodios de escasez.<\/p>\n<p><\/p>\n<p>Durante el debate abierto, los asistentes compartieron retos y problem\u00e1ticas, as\u00ed como posibles soluciones que podr\u00edan pasar por la gesti\u00f3n mancomunada y la creaci\u00f3n de espacios de experiencias compartidas.<\/p>\n<p><\/p>\n<p>La mesa redonda profundiz\u00f3 en estos puntos con voces expertas como la de Fina Jo (GIACSA), Alicia Gil (Diputaci\u00f3n de Barcelona) y Andreu Masferrer (Onaigua), y estuvo moderada por Antoni Ventura. Todos coincidieron en que la digitalizaci\u00f3n es una oportunidad para repensar el modelo de gesti\u00f3n del agua en los municipios de menor tama\u00f1o.<\/p>\n<p><\/p>\n<p><strong>Hacia una nueva cultura del agua con colaboraci\u00f3n e innovaci\u00f3n<\/strong><\/p>\n<p><\/p>\n<p>La jornada concluy\u00f3 con una idea clara: la digitalizaci\u00f3n no es s\u00f3lo una mejora tecnol\u00f3gica, sino una herramienta para impulsar una gesti\u00f3n del agua m\u00e1s justa, eficiente y adaptada al futuro. En un escenario de creciente escasez h\u00eddrica, esa transformaci\u00f3n es urgente y necesaria.<\/p>\n<p><\/p>\n<p>El compromiso compartido entre ayuntamientos, operadoras, instituciones y entidades de soporte es clave para avanzar hacia un modelo de gesti\u00f3n m\u00e1s resiliente. Con experiencias como la de Aig\u00fces de Manresa y el apoyo de programas como DIBAIGUA, los municipios peque\u00f1os pueden ser protagonistas en la nueva cultura del agua: m\u00e1s eficiente, m\u00e1s digital y m\u00e1s sostenible.<\/p>\n<p>[\/et_pb_text][\/et_pb_column][\/et_pb_row][\/et_pb_section]<\/p>\n","protected":false},"excerpt":{"rendered":"<p>Una cincuentena de representantes locales y operadores se re\u00fanen en Manresa para compartir soluciones digitales para la gesti\u00f3n inteligente del agua. La jornada, organizada por Aig\u00fces de Manresa, y con [&hellip;]<\/p>\n","protected":false},"author":2,"featured_media":1835,"comment_status":"open","ping_status":"open","sticky":false,"template":"","format":"standard","meta":{"_et_pb_use_builder":"on","_et_pb_old_content":"","_et_gb_content_width":"","footnotes":""},"categories":[38,22],"tags":[],"class_list":["post-1839","post","type-post","status-publish","format-standard","has-post-thumbnail","hentry","category-impacto","category-noticias"],"_links":{"self":[{"href":"https:\/\/perteaigua.aiguesmanresa.cat\/es\/wp-json\/wp\/v2\/posts\/1839","targetHints":{"allow":["GET"]}}],"collection":[{"href":"https:\/\/perteaigua.aiguesmanresa.cat\/es\/wp-json\/wp\/v2\/posts"}],"about":[{"href":"https:\/\/perteaigua.aiguesmanresa.cat\/es\/wp-json\/wp\/v2\/types\/post"}],"author":[{"embeddable":true,"href":"https:\/\/perteaigua.aiguesmanresa.cat\/es\/wp-json\/wp\/v2\/users\/2"}],"replies":[{"embeddable":true,"href":"https:\/\/perteaigua.aiguesmanresa.cat\/es\/wp-json\/wp\/v2\/comments?post=1839"}],"version-history":[{"count":4,"href":"https:\/\/perteaigua.aiguesmanresa.cat\/es\/wp-json\/wp\/v2\/posts\/1839\/revisions"}],"predecessor-version":[{"id":2063,"href":"https:\/\/perteaigua.aiguesmanresa.cat\/es\/wp-json\/wp\/v2\/posts\/1839\/revisions\/2063"}],"wp:featuredmedia":[{"embeddable":true,"href":"https:\/\/perteaigua.aiguesmanresa.cat\/es\/wp-json\/wp\/v2\/media\/1835"}],"wp:attachment":[{"href":"https:\/\/perteaigua.aiguesmanresa.cat\/es\/wp-json\/wp\/v2\/media?parent=1839"}],"wp:term":[{"taxonomy":"category","embeddable":true,"href":"https:\/\/perteaigua.aiguesmanresa.cat\/es\/wp-json\/wp\/v2\/categories?post=1839"},{"taxonomy":"post_tag","embeddable":true,"href":"https:\/\/perteaigua.aiguesmanresa.cat\/es\/wp-json\/wp\/v2\/tags?post=1839"}],"curies":[{"name":"wp","href":"https:\/\/api.w.org\/{rel}","templated":true}]}}