{"id":2288,"date":"2026-04-28T16:08:35","date_gmt":"2026-04-28T14:08:35","guid":{"rendered":"https:\/\/perteaigua.aiguesmanresa.cat\/aigues-de-manresa-inicia-la-instalacion-de-placas-fotovoltaicas-en-el-deposito-de-la-culla-para-reducir-el-consumo-energetico\/"},"modified":"2026-04-28T16:10:28","modified_gmt":"2026-04-28T14:10:28","slug":"aigues-de-manresa-inicia-la-instalacion-de-placas-fotovoltaicas-en-el-deposito-de-la-culla-para-reducir-el-consumo-energetico","status":"publish","type":"post","link":"https:\/\/perteaigua.aiguesmanresa.cat\/es\/aigues-de-manresa-inicia-la-instalacion-de-placas-fotovoltaicas-en-el-deposito-de-la-culla-para-reducir-el-consumo-energetico\/","title":{"rendered":"Aig\u00fces de Manresa inicia la instalaci\u00f3n de placas fotovoltaicas en el dep\u00f3sito de la Culla para reducir el consumo energ\u00e9tico"},"content":{"rendered":"<p>[et_pb_section fb_built=\u00bb1&#8243; theme_builder_area=\u00bbpost_content\u00bb _builder_version=\u00bb4.27.4&#8243; _module_preset=\u00bbdefault\u00bb][et_pb_row _builder_version=\u00bb4.27.4&#8243; _module_preset=\u00bbdefault\u00bb theme_builder_area=\u00bbpost_content\u00bb][et_pb_column _builder_version=\u00bb4.27.4&#8243; _module_preset=\u00bbdefault\u00bb type=\u00bb4_4&#8243; theme_builder_area=\u00bbpost_content\u00bb][et_pb_text _builder_version=\u00bb4.27.4&#8243; _module_preset=\u00bbdefault\u00bb theme_builder_area=\u00bbpost_content\u00bb hover_enabled=\u00bb0&#8243; sticky_enabled=\u00bb0&#8243;]<\/p>\n<p class=\"p2\"><strong>La nueva instalaci\u00f3n generar\u00e1 energ\u00eda equivalente al consumo de unos 100 hogares y se enmarca en la estrategia de sostenibilidad y autosuficiencia energ\u00e9tica de la empresa<\/strong><\/p>\n<p><\/p>\n<p>Aig\u00fces de Manresa ha iniciado las obras para instalar una planta fotovoltaica sobre el dep\u00f3sito de la Culla, con el objetivo de reducir el consumo energ\u00e9tico y avanzar hacia un modelo de gesti\u00f3n m\u00e1s eficiente y sostenible del ciclo del agua. Est\u00e1 previsto que los trabajos tengan una duraci\u00f3n aproximada de tres meses.<\/p>\n<p><\/p>\n<p>La instalaci\u00f3n tendr\u00e1 una potencia de 168,3 kWp y una producci\u00f3n estimada de 272.411 kWh anuales, el equivalente al consumo el\u00e9ctrico de entre 72 y 100 hogares, con lo que se cubrir\u00eda aproximadamente al 40% de la demanda energ\u00e9tica del sistema.<\/p>\n<p><\/p>\n<p>La actuaci\u00f3n responde a la necesidad de reducir el consumo energ\u00e9tico asociado al bombeo de agua, una de las actividades con mayor demanda el\u00e9ctrica dentro de la gesti\u00f3n del ciclo integral del agua. La inversi\u00f3n prevista asciende a 296.170,70 euros.<\/p>\n<p><\/p>\n<p>Esta actuaci\u00f3n forma parte del proyecto Sostenibilidad en el ciclo del agua, impulsado por Aig\u00fces de Manresa con el apoyo de los fondos NextGeneration-EU a trav\u00e9s del PERTE para la digitalizaci\u00f3n del ciclo del agua, promovido por el Ministerio para la Transici\u00f3n Ecol\u00f3gica y el Reto Demogr\u00e1fico.<\/p>\n<p><\/p>\n<p>Este mismo a\u00f1o, Aig\u00fces de Manresa ha puesto en funcionamiento una instalaci\u00f3n solar en la planta potabilizadora de Manresa, que ya ha permitido superar el 20% de autoconsumo energ\u00e9tico en los primeros meses de funcionamiento, con una producci\u00f3n inicial de cerca de 51.000 kWh el equivalente entre 13 y 19 hogares.<\/p>\n<p>[\/et_pb_text][\/et_pb_column][\/et_pb_row][\/et_pb_section]<\/p>\n","protected":false},"excerpt":{"rendered":"<p>La nueva instalaci\u00f3n generar\u00e1 energ\u00eda equivalente al consumo de unos 100 hogares y se enmarca en la estrategia de sostenibilidad y autosuficiencia energ\u00e9tica de la empresaAig\u00fces de Manresa ha iniciado [&hellip;]<\/p>\n","protected":false},"author":2,"featured_media":2287,"comment_status":"open","ping_status":"open","sticky":false,"template":"","format":"standard","meta":{"_et_pb_use_builder":"on","_et_pb_old_content":"","_et_gb_content_width":"","footnotes":""},"categories":[38,22],"tags":[],"class_list":["post-2288","post","type-post","status-publish","format-standard","has-post-thumbnail","hentry","category-impacto","category-noticias"],"_links":{"self":[{"href":"https:\/\/perteaigua.aiguesmanresa.cat\/es\/wp-json\/wp\/v2\/posts\/2288","targetHints":{"allow":["GET"]}}],"collection":[{"href":"https:\/\/perteaigua.aiguesmanresa.cat\/es\/wp-json\/wp\/v2\/posts"}],"about":[{"href":"https:\/\/perteaigua.aiguesmanresa.cat\/es\/wp-json\/wp\/v2\/types\/post"}],"author":[{"embeddable":true,"href":"https:\/\/perteaigua.aiguesmanresa.cat\/es\/wp-json\/wp\/v2\/users\/2"}],"replies":[{"embeddable":true,"href":"https:\/\/perteaigua.aiguesmanresa.cat\/es\/wp-json\/wp\/v2\/comments?post=2288"}],"version-history":[{"count":2,"href":"https:\/\/perteaigua.aiguesmanresa.cat\/es\/wp-json\/wp\/v2\/posts\/2288\/revisions"}],"predecessor-version":[{"id":2290,"href":"https:\/\/perteaigua.aiguesmanresa.cat\/es\/wp-json\/wp\/v2\/posts\/2288\/revisions\/2290"}],"wp:featuredmedia":[{"embeddable":true,"href":"https:\/\/perteaigua.aiguesmanresa.cat\/es\/wp-json\/wp\/v2\/media\/2287"}],"wp:attachment":[{"href":"https:\/\/perteaigua.aiguesmanresa.cat\/es\/wp-json\/wp\/v2\/media?parent=2288"}],"wp:term":[{"taxonomy":"category","embeddable":true,"href":"https:\/\/perteaigua.aiguesmanresa.cat\/es\/wp-json\/wp\/v2\/categories?post=2288"},{"taxonomy":"post_tag","embeddable":true,"href":"https:\/\/perteaigua.aiguesmanresa.cat\/es\/wp-json\/wp\/v2\/tags?post=2288"}],"curies":[{"name":"wp","href":"https:\/\/api.w.org\/{rel}","templated":true}]}}